{"id":675,"date":"2020-06-13T09:09:53","date_gmt":"2020-06-13T06:09:53","guid":{"rendered":"https:\/\/spirospapaspirou.gr\/?p=675"},"modified":"2020-06-13T09:10:36","modified_gmt":"2020-06-13T06:10:36","slug":"siperfaqe-ne-kolor-hapesira-pa-materie-ekspozita-retrospektive-e-veprave-te-spiros-papaspirou-ne-galerine-technohoros","status":"publish","type":"post","link":"https:\/\/spirospapaspirou.gr\/sq\/siperfaqe-ne-kolor-hapesira-pa-materie-ekspozita-retrospektive-e-veprave-te-spiros-papaspirou-ne-galerine-technohoros\/","title":{"rendered":"Sip\u00ebrfaqe n\u00eb kolor \u2013 hap\u00ebsira pa materie. Ekspozita Retrospektive e Veprave t\u00eb Spiros Papaspirou n\u00eb galerin\u00eb \u201cTechnohoros\u201d"},"content":{"rendered":"<div class=\"wpb-content-wrapper\"><p>[vc_row][vc_column width=&#8221;1\/1&#8243;][vc_column_text]Veprat e tij jan\u00eb rezultat i nj\u00eb hulumtimi afatgjat\u00eb dhe p\u00ebrpjekjeve interpretative, n\u00ebp\u00ebrmjet nj\u00eb pune t\u00eb lodhshme personale, n\u00eb p\u00ebrpunimin e materialeve, teknikave, m\u00ebnyrave e metodave, n\u00eb baz\u00eb t\u00eb dialogut t\u00eb brendsh\u00ebm, frym\u00ebzimeve e ngacmimeve, studimeve shum\u00ebvje\u00e7are, por edhe ndikimeve t\u00eb ndryshme kulturore t\u00eb vendeve, ambienteve dhe popujve gjat\u00eb udh\u00ebtimeve t\u00eb tij n\u00ebp\u00ebr bot\u00eb.<\/p>\n<p>Nj\u00eb amalgam\u00eb e re aplikimesh depozitohet n\u00eb leksarin morfologjik t\u00eb arteve.<\/p>\n<p>Spiros Papaspirou, piktor, gdhend\u00ebs, agiograf, restaurator dhe pedagog arti me studime t\u00eb kompletuara n\u00eb institucione prestigjioze t\u00eb Italis\u00eb, \u00ebsht\u00eb prej vitesh mik dhe koleg i imi n\u00eb t\u00eb gjitha shkall\u00ebt e arsimit. Dha m\u00ebsim n\u00eb Gjimnaz, n\u00eb Lice, n\u00eb Akademin\u00eb Pedagogjike Zosimea, n\u00eb katedr\u00ebn e Edukator\u00ebve t\u00eb Universitetit t\u00eb Epirit, n\u00eb Akademin\u00eb Kishtare t\u00eb Vellas\u00eb. U transferua n\u00eb Institutin Pedagogjik n\u00eb pozicionin e Udh\u00ebheq\u00ebsit Artistik.<\/p>\n<p>K\u00ebrkues dhe largpam\u00ebs, hulumtues dhe rezultativ, njoh\u00ebs i thell\u00eb i Pedagogjis\u00eb dhe i Psikologjis\u00eb, i m\u00ebsimdh\u00ebnies, estetik\u00ebs, historis\u00eb s\u00eb artit, korrekt, i kujdessh\u00ebm dhe p\u00ebrher\u00eb i impenjuar n\u00eb metologjin\u00eb e didaktik\u00ebs dhe t\u00eb procedurave profesionale, q\u00ebllimin, komentimin, vler\u00ebsimin dhe kritik\u00ebn mbi veprat e nx\u00ebn\u00ebsve.<\/p>\n<p>P\u00ebrpunoi nj\u00eb disertacion me teza t\u00eb nivelit t\u00eb lart\u00eb, duke konsumuar koh\u00eb edhe vlera monetare, i cili p\u00ebr arsye t\u00eb pashpjegueshme nuk u konfirmua dhe nuk u botua nga drejtuesi i ekipit hulumtues t\u00eb Universitetit t\u00eb Janin\u00ebs.<\/p>\n<p>Pinjoll prind\u00ebrish pedagog\u00eb, i teologut Ioannis Papaspirou dhe i filologes Efterpi Frangu, i edukuar, i thjesht\u00eb, i qet\u00eb dhe tejet i ndjesh\u00ebm n\u00eb pik\u00ebpamjen e moralit social, krijoi familje me bashk\u00ebshorten e tij Sofia, greke me origjin\u00eb nga Egjipti dhe jeton n\u00eb Athin\u00eb ku i biri studion p\u00ebr Filologji.<\/p>\n<p>Por nuk e harroi kurr\u00eb vendlindjen, Janin\u00ebn, tek e cila vjen shpesh, duke e nderuar, n\u00eb vler\u00ebsimin e pavionit t\u00eb \u201cTechnohoros\u201d p\u00ebr t\u00eb ekspozuar veprat e tij n\u00eb retrospektiv\u00eb, vepra m\u00eb vlera t\u00eb larta n\u00eb p\u00ebrfshirjen fizike dhe metafizike me nj\u00eb p\u00ebrcaktim t\u00eb kompletuar t\u00eb titulluar: \u201cSip\u00ebrfaqe n\u00eb kolor \u2013 hap\u00ebsira pa materie\u201d. Materialet e p\u00ebrdorura nga autori jan\u00eb letra, metaksotipia, pleksiglasi dhe flet\u00ebt e arit.<\/p>\n<p>Ruaj eksperienc\u00ebn personale t\u00eb zot\u00ebsive t\u00eb tij pasi kemi sh\u00ebrbyer bashk\u00eb n\u00eb m\u00ebnyr\u00eb produktive dhe rezultative n\u00eb institucionet arsimore t\u00eb lartp\u00ebrmendura, ku organizuam dhe promovuam, me zell, laborator\u00eb t\u00eb pajisura plot\u00ebsisht t\u00eb aplikacioneve, (n\u00eb Akademin\u00eb Pedagogjike Zosimaia, si dhe n\u00eb Katedr\u00ebn e Edukator\u00ebve t\u00eb Universitetit t\u00eb Epirit).<\/p>\n<p>Krijuesi \u00ebsht\u00eb nj\u00eb personalitet multiselektiv, q\u00eb hulumtoi dhe hulumton misterin e shprehjes n\u00eb dimensionet reale t\u00eb shp\u00ebrfaqjes, duke p\u00ebrzgjedhur arketipizmin dhe simbolik\u00ebn e form\u00ebs dhe ngjyr\u00ebs, si mjet par\u00ebsor.<\/p>\n<p>Kompozimet e tij p\u00ebrfshihen n\u00eb nj\u00eb rrjet gdhendjesh ku mbizot\u00ebron ritmi, rregulli, ekuilibri, masa, simetria, poziviteti dhe ndjenja, logjika dhe \u00ebndrra q\u00eb t\u00eb orienton n\u00eb koloritin tonik t\u00eb zgjon kujtesa t\u00eb piktur\u00ebs kishtare bizantine.<\/p>\n<p>\u00cbsht\u00eb nj\u00eb kap\u00ebrcim revolucionar rrezikimi i p\u00ebrzierjes s\u00eb sip\u00ebrfaqeve t\u00eb kolorizuara n\u00eb stereografin\u00eb e gdhendjes transparente prej pleksiglasi, ku trupa t\u00eb organizuara paralelepiped\u00ebsh, po transparent\u00eb, p\u00ebrfshijn\u00eb brenda vet\u00ebs stadet kromatike si arketipa autonome n\u00eb arkiva t\u00eb sigurta, banesa transparente formash t\u00eb pap\u00ebrpunuara.<\/p>\n<p>Shikimi dhe v\u00ebzhgimi jan\u00eb shum\u00eb stadesh edhe sferike sepse p\u00ebrjashtohet mund\u00ebsia e nj\u00eb kthimi t\u00eb leht\u00eb dhe zhvendosjes s\u00eb tyre k\u00ebshtu q\u00eb format e mbyllura shnd\u00ebrrohen n\u00eb seksione paralelepiped\u00eb t\u00eb unifikuara.<\/p>\n<p>Nuk \u00ebsht\u00eb dyzimi i ikon\u00ebs, por shumanshm\u00ebria olograme e sip\u00ebrfaqeve gjeometrike t\u00eb kolorizuara, t\u00eb cilat u p\u00ebrkasin stadeve t\u00eb ndryshme perpendikulare, q\u00eb duken sikur p\u00ebrkunden, pasi len\u00eb mes tyre hap\u00ebsira q\u00eb ndri\u00e7ohen dhe err\u00ebsohen n\u00eb m\u00ebnyr\u00eb harmonike sipas shp\u00ebrndarjes dimensionale t\u00eb tyre. Prekja loz rol t\u00eb dor\u00ebs s\u00eb par\u00eb sepse n\u00ebp\u00ebrmjet saj p\u00ebll\u00ebmba l\u00ebviz n\u00eb m\u00ebnyr\u00eb analoge mbi trupin transparent, duke ja n\u00ebnshtruar asaj pretendimet e kuriozitetit t\u00eb syrit.<\/p>\n<p>T\u00ebr\u00ebsia e vepr\u00ebs s\u00eb Spiros Papaspirou nxjerr n\u00eb pah me pak fjal\u00eb e n\u00eb m\u00ebnyr\u00eb sinoptike, m\u00eb thell\u00ebsi elegante, vlera t\u00eb pastra t\u00eb bazuara n\u00eb harmonin\u00eb poliedrike, q\u00eb diktohet nga thjesht\u00ebsia e m\u00ebnyr\u00ebs oligark\u00eb dhe t\u00eb vet\u00eb sh\u00ebnuar t\u00eb form\u00ebs n\u00eb perfeksionin minimalist t\u00eb saj.<\/p>\n<p>Mihalis Ikonomidhis Pedagog Arti \u2013 Skulptor , Qershor 2019[\/vc_column_text][vc_gallery el_id=&#8221;gallery-199248&#8243; medias=&#8221;482&#8243; gutter_size=&#8221;3&#8243; screen_lg=&#8221;1000&#8243; screen_md=&#8221;600&#8243; screen_sm=&#8221;480&#8243; single_width=&#8221;12&#8243; single_overlay_opacity=&#8221;50&#8243; single_padding=&#8221;2&#8243;][\/vc_column][\/vc_row]<\/p>\n<\/div>","protected":false},"excerpt":{"rendered":"<p>[vc_row][vc_column width=&#8221;1\/1&#8243;][vc_column_text]Veprat e tij jan\u00eb rezultat i nj\u00eb hulumtimi afatgjat\u00eb dhe p\u00ebrpjekjeve interpretative, n\u00ebp\u00ebrmjet nj\u00eb pune t\u00eb lodhshme personale, n\u00eb [&hellip;]<\/p>\n","protected":false},"author":1,"featured_media":0,"comment_status":"closed","ping_status":"open","sticky":false,"template":"","format":"standard","meta":{"footnotes":""},"categories":[50],"tags":[],"class_list":["post-675","post","type-post","status-publish","format-standard","hentry","category-uncategorized-sq"],"yoast_head":"<!-- This site is optimized with the Yoast SEO plugin v27.2 - https:\/\/yoast.com\/product\/yoast-seo-wordpress\/ -->\n<title>Sip\u00ebrfaqe n\u00eb kolor \u2013 hap\u00ebsira pa materie. Ekspozita Retrospektive e Veprave t\u00eb Spiros Papaspirou n\u00eb galerin\u00eb \u201cTechnohoros\u201d - spirospapaspirou.gr<\/title>\n<meta name=\"robots\" content=\"index, follow, max-snippet:-1, max-image-preview:large, max-video-preview:-1\" \/>\n<link rel=\"canonical\" href=\"https:\/\/spirospapaspirou.gr\/sq\/siperfaqe-ne-kolor-hapesira-pa-materie-ekspozita-retrospektive-e-veprave-te-spiros-papaspirou-ne-galerine-technohoros\/\" \/>\n<meta property=\"og:locale\" content=\"sq_AL\" \/>\n<meta property=\"og:type\" content=\"article\" \/>\n<meta property=\"og:title\" content=\"Sip\u00ebrfaqe n\u00eb kolor \u2013 hap\u00ebsira pa materie. Ekspozita Retrospektive e Veprave t\u00eb Spiros Papaspirou n\u00eb galerin\u00eb \u201cTechnohoros\u201d - spirospapaspirou.gr\" \/>\n<meta property=\"og:description\" content=\"[vc_row][vc_column width=&#8221;1\/1&#8243;][vc_column_text]Veprat e tij jan\u00eb rezultat i nj\u00eb hulumtimi afatgjat\u00eb dhe p\u00ebrpjekjeve interpretative, n\u00ebp\u00ebrmjet nj\u00eb pune t\u00eb lodhshme personale, n\u00eb [&hellip;]\" \/>\n<meta property=\"og:url\" content=\"https:\/\/spirospapaspirou.gr\/sq\/siperfaqe-ne-kolor-hapesira-pa-materie-ekspozita-retrospektive-e-veprave-te-spiros-papaspirou-ne-galerine-technohoros\/\" \/>\n<meta property=\"og:site_name\" content=\"spirospapaspirou.gr\" \/>\n<meta property=\"article:publisher\" content=\"https:\/\/www.facebook.com\/people\/%ce%a3%cf%80%cf%85%cf%81%ce%bf%cf%82-%ce%a0%ce%b1%cf%80%ce%b1%cf%83%cf%80%cf%85%cf%81%ce%bf%cf%85\/100001248112382\" \/>\n<meta property=\"article:published_time\" content=\"2020-06-13T06:09:53+00:00\" \/>\n<meta property=\"article:modified_time\" content=\"2020-06-13T06:10:36+00:00\" \/>\n<meta property=\"og:image\" content=\"https:\/\/spirospapaspirou.gr\/wp-content\/uploads\/logo.png\" \/>\n\t<meta property=\"og:image:width\" content=\"335\" \/>\n\t<meta property=\"og:image:height\" content=\"100\" \/>\n\t<meta property=\"og:image:type\" content=\"image\/png\" \/>\n<meta name=\"author\" content=\"admin\" \/>\n<meta name=\"twitter:card\" content=\"summary_large_image\" \/>\n<meta name=\"twitter:label1\" content=\"Written by\" \/>\n\t<meta name=\"twitter:data1\" content=\"admin\" \/>\n\t<meta name=\"twitter:label2\" content=\"Est. reading time\" \/>\n\t<meta name=\"twitter:data2\" content=\"4 minutes\" \/>\n<script type=\"application\/ld+json\" class=\"yoast-schema-graph\">{\"@context\":\"https:\/\/schema.org\",\"@graph\":[{\"@type\":\"Article\",\"@id\":\"https:\/\/spirospapaspirou.gr\/sq\/siperfaqe-ne-kolor-hapesira-pa-materie-ekspozita-retrospektive-e-veprave-te-spiros-papaspirou-ne-galerine-technohoros\/#article\",\"isPartOf\":{\"@id\":\"https:\/\/spirospapaspirou.gr\/sq\/siperfaqe-ne-kolor-hapesira-pa-materie-ekspozita-retrospektive-e-veprave-te-spiros-papaspirou-ne-galerine-technohoros\/\"},\"author\":{\"name\":\"admin\",\"@id\":\"https:\/\/spirospapaspirou.gr\/sq\/#\/schema\/person\/1639ef43f38fb1dd052485f9457a7f2a\"},\"headline\":\"Sip\u00ebrfaqe n\u00eb kolor \u2013 hap\u00ebsira pa materie. Ekspozita Retrospektive e Veprave t\u00eb Spiros Papaspirou n\u00eb galerin\u00eb \u201cTechnohoros\u201d\",\"datePublished\":\"2020-06-13T06:09:53+00:00\",\"dateModified\":\"2020-06-13T06:10:36+00:00\",\"mainEntityOfPage\":{\"@id\":\"https:\/\/spirospapaspirou.gr\/sq\/siperfaqe-ne-kolor-hapesira-pa-materie-ekspozita-retrospektive-e-veprave-te-spiros-papaspirou-ne-galerine-technohoros\/\"},\"wordCount\":789,\"publisher\":{\"@id\":\"https:\/\/spirospapaspirou.gr\/sq\/#organization\"},\"articleSection\":[\"Uncategorized @sq\"],\"inLanguage\":\"sq-AL\"},{\"@type\":\"WebPage\",\"@id\":\"https:\/\/spirospapaspirou.gr\/sq\/siperfaqe-ne-kolor-hapesira-pa-materie-ekspozita-retrospektive-e-veprave-te-spiros-papaspirou-ne-galerine-technohoros\/\",\"url\":\"https:\/\/spirospapaspirou.gr\/sq\/siperfaqe-ne-kolor-hapesira-pa-materie-ekspozita-retrospektive-e-veprave-te-spiros-papaspirou-ne-galerine-technohoros\/\",\"name\":\"Sip\u00ebrfaqe n\u00eb kolor \u2013 hap\u00ebsira pa materie. Ekspozita Retrospektive e Veprave t\u00eb Spiros Papaspirou n\u00eb galerin\u00eb \u201cTechnohoros\u201d - spirospapaspirou.gr\",\"isPartOf\":{\"@id\":\"https:\/\/spirospapaspirou.gr\/sq\/#website\"},\"datePublished\":\"2020-06-13T06:09:53+00:00\",\"dateModified\":\"2020-06-13T06:10:36+00:00\",\"breadcrumb\":{\"@id\":\"https:\/\/spirospapaspirou.gr\/sq\/siperfaqe-ne-kolor-hapesira-pa-materie-ekspozita-retrospektive-e-veprave-te-spiros-papaspirou-ne-galerine-technohoros\/#breadcrumb\"},\"inLanguage\":\"sq-AL\",\"potentialAction\":[{\"@type\":\"ReadAction\",\"target\":[\"https:\/\/spirospapaspirou.gr\/sq\/siperfaqe-ne-kolor-hapesira-pa-materie-ekspozita-retrospektive-e-veprave-te-spiros-papaspirou-ne-galerine-technohoros\/\"]}]},{\"@type\":\"BreadcrumbList\",\"@id\":\"https:\/\/spirospapaspirou.gr\/sq\/siperfaqe-ne-kolor-hapesira-pa-materie-ekspozita-retrospektive-e-veprave-te-spiros-papaspirou-ne-galerine-technohoros\/#breadcrumb\",\"itemListElement\":[{\"@type\":\"ListItem\",\"position\":1,\"name\":\"Home\",\"item\":\"https:\/\/spirospapaspirou.gr\/sq\/%ce%b1%cf%81%cf%87%ce%b9%ce%ba%ce%ae-%cf%83%ce%b5%ce%bb%ce%af%ce%b4%ce%b1\/\"},{\"@type\":\"ListItem\",\"position\":2,\"name\":\"Sip\u00ebrfaqe n\u00eb kolor \u2013 hap\u00ebsira pa materie. Ekspozita Retrospektive e Veprave t\u00eb Spiros Papaspirou n\u00eb galerin\u00eb \u201cTechnohoros\u201d\"}]},{\"@type\":\"WebSite\",\"@id\":\"https:\/\/spirospapaspirou.gr\/sq\/#website\",\"url\":\"https:\/\/spirospapaspirou.gr\/sq\/\",\"name\":\"spirospapaspirou.gr\",\"description\":\"\",\"publisher\":{\"@id\":\"https:\/\/spirospapaspirou.gr\/sq\/#organization\"},\"potentialAction\":[{\"@type\":\"SearchAction\",\"target\":{\"@type\":\"EntryPoint\",\"urlTemplate\":\"https:\/\/spirospapaspirou.gr\/sq\/?s={search_term_string}\"},\"query-input\":{\"@type\":\"PropertyValueSpecification\",\"valueRequired\":true,\"valueName\":\"search_term_string\"}}],\"inLanguage\":\"sq-AL\"},{\"@type\":\"Organization\",\"@id\":\"https:\/\/spirospapaspirou.gr\/sq\/#organization\",\"name\":\"Spiros Papaspirou\",\"url\":\"https:\/\/spirospapaspirou.gr\/sq\/\",\"logo\":{\"@type\":\"ImageObject\",\"inLanguage\":\"sq-AL\",\"@id\":\"https:\/\/spirospapaspirou.gr\/sq\/#\/schema\/logo\/image\/\",\"url\":\"https:\/\/spirospapaspirou.gr\/wp-content\/uploads\/logo.png\",\"contentUrl\":\"https:\/\/spirospapaspirou.gr\/wp-content\/uploads\/logo.png\",\"width\":335,\"height\":100,\"caption\":\"Spiros Papaspirou\"},\"image\":{\"@id\":\"https:\/\/spirospapaspirou.gr\/sq\/#\/schema\/logo\/image\/\"},\"sameAs\":[\"https:\/\/www.facebook.com\/people\/\u03a3\u03c0\u03c5\u03c1\u03bf\u03c2-\u03a0\u03b1\u03c0\u03b1\u03c3\u03c0\u03c5\u03c1\u03bf\u03c5\/100001248112382\"]},{\"@type\":\"Person\",\"@id\":\"https:\/\/spirospapaspirou.gr\/sq\/#\/schema\/person\/1639ef43f38fb1dd052485f9457a7f2a\",\"name\":\"admin\"}]}<\/script>\n<!-- \/ Yoast SEO plugin. -->","yoast_head_json":{"title":"Sip\u00ebrfaqe n\u00eb kolor \u2013 hap\u00ebsira pa materie. Ekspozita Retrospektive e Veprave t\u00eb Spiros Papaspirou n\u00eb galerin\u00eb \u201cTechnohoros\u201d - spirospapaspirou.gr","robots":{"index":"index","follow":"follow","max-snippet":"max-snippet:-1","max-image-preview":"max-image-preview:large","max-video-preview":"max-video-preview:-1"},"canonical":"https:\/\/spirospapaspirou.gr\/sq\/siperfaqe-ne-kolor-hapesira-pa-materie-ekspozita-retrospektive-e-veprave-te-spiros-papaspirou-ne-galerine-technohoros\/","og_locale":"sq_AL","og_type":"article","og_title":"Sip\u00ebrfaqe n\u00eb kolor \u2013 hap\u00ebsira pa materie. Ekspozita Retrospektive e Veprave t\u00eb Spiros Papaspirou n\u00eb galerin\u00eb \u201cTechnohoros\u201d - spirospapaspirou.gr","og_description":"[vc_row][vc_column width=&#8221;1\/1&#8243;][vc_column_text]Veprat e tij jan\u00eb rezultat i nj\u00eb hulumtimi afatgjat\u00eb dhe p\u00ebrpjekjeve interpretative, n\u00ebp\u00ebrmjet nj\u00eb pune t\u00eb lodhshme personale, n\u00eb [&hellip;]","og_url":"https:\/\/spirospapaspirou.gr\/sq\/siperfaqe-ne-kolor-hapesira-pa-materie-ekspozita-retrospektive-e-veprave-te-spiros-papaspirou-ne-galerine-technohoros\/","og_site_name":"spirospapaspirou.gr","article_publisher":"https:\/\/www.facebook.com\/people\/%ce%a3%cf%80%cf%85%cf%81%ce%bf%cf%82-%ce%a0%ce%b1%cf%80%ce%b1%cf%83%cf%80%cf%85%cf%81%ce%bf%cf%85\/100001248112382","article_published_time":"2020-06-13T06:09:53+00:00","article_modified_time":"2020-06-13T06:10:36+00:00","og_image":[{"width":335,"height":100,"url":"https:\/\/spirospapaspirou.gr\/wp-content\/uploads\/logo.png","type":"image\/png"}],"author":"admin","twitter_card":"summary_large_image","twitter_misc":{"Written by":"admin","Est. reading time":"4 minutes"},"schema":{"@context":"https:\/\/schema.org","@graph":[{"@type":"Article","@id":"https:\/\/spirospapaspirou.gr\/sq\/siperfaqe-ne-kolor-hapesira-pa-materie-ekspozita-retrospektive-e-veprave-te-spiros-papaspirou-ne-galerine-technohoros\/#article","isPartOf":{"@id":"https:\/\/spirospapaspirou.gr\/sq\/siperfaqe-ne-kolor-hapesira-pa-materie-ekspozita-retrospektive-e-veprave-te-spiros-papaspirou-ne-galerine-technohoros\/"},"author":{"name":"admin","@id":"https:\/\/spirospapaspirou.gr\/sq\/#\/schema\/person\/1639ef43f38fb1dd052485f9457a7f2a"},"headline":"Sip\u00ebrfaqe n\u00eb kolor \u2013 hap\u00ebsira pa materie. Ekspozita Retrospektive e Veprave t\u00eb Spiros Papaspirou n\u00eb galerin\u00eb \u201cTechnohoros\u201d","datePublished":"2020-06-13T06:09:53+00:00","dateModified":"2020-06-13T06:10:36+00:00","mainEntityOfPage":{"@id":"https:\/\/spirospapaspirou.gr\/sq\/siperfaqe-ne-kolor-hapesira-pa-materie-ekspozita-retrospektive-e-veprave-te-spiros-papaspirou-ne-galerine-technohoros\/"},"wordCount":789,"publisher":{"@id":"https:\/\/spirospapaspirou.gr\/sq\/#organization"},"articleSection":["Uncategorized @sq"],"inLanguage":"sq-AL"},{"@type":"WebPage","@id":"https:\/\/spirospapaspirou.gr\/sq\/siperfaqe-ne-kolor-hapesira-pa-materie-ekspozita-retrospektive-e-veprave-te-spiros-papaspirou-ne-galerine-technohoros\/","url":"https:\/\/spirospapaspirou.gr\/sq\/siperfaqe-ne-kolor-hapesira-pa-materie-ekspozita-retrospektive-e-veprave-te-spiros-papaspirou-ne-galerine-technohoros\/","name":"Sip\u00ebrfaqe n\u00eb kolor \u2013 hap\u00ebsira pa materie. Ekspozita Retrospektive e Veprave t\u00eb Spiros Papaspirou n\u00eb galerin\u00eb \u201cTechnohoros\u201d - spirospapaspirou.gr","isPartOf":{"@id":"https:\/\/spirospapaspirou.gr\/sq\/#website"},"datePublished":"2020-06-13T06:09:53+00:00","dateModified":"2020-06-13T06:10:36+00:00","breadcrumb":{"@id":"https:\/\/spirospapaspirou.gr\/sq\/siperfaqe-ne-kolor-hapesira-pa-materie-ekspozita-retrospektive-e-veprave-te-spiros-papaspirou-ne-galerine-technohoros\/#breadcrumb"},"inLanguage":"sq-AL","potentialAction":[{"@type":"ReadAction","target":["https:\/\/spirospapaspirou.gr\/sq\/siperfaqe-ne-kolor-hapesira-pa-materie-ekspozita-retrospektive-e-veprave-te-spiros-papaspirou-ne-galerine-technohoros\/"]}]},{"@type":"BreadcrumbList","@id":"https:\/\/spirospapaspirou.gr\/sq\/siperfaqe-ne-kolor-hapesira-pa-materie-ekspozita-retrospektive-e-veprave-te-spiros-papaspirou-ne-galerine-technohoros\/#breadcrumb","itemListElement":[{"@type":"ListItem","position":1,"name":"Home","item":"https:\/\/spirospapaspirou.gr\/sq\/%ce%b1%cf%81%cf%87%ce%b9%ce%ba%ce%ae-%cf%83%ce%b5%ce%bb%ce%af%ce%b4%ce%b1\/"},{"@type":"ListItem","position":2,"name":"Sip\u00ebrfaqe n\u00eb kolor \u2013 hap\u00ebsira pa materie. Ekspozita Retrospektive e Veprave t\u00eb Spiros Papaspirou n\u00eb galerin\u00eb \u201cTechnohoros\u201d"}]},{"@type":"WebSite","@id":"https:\/\/spirospapaspirou.gr\/sq\/#website","url":"https:\/\/spirospapaspirou.gr\/sq\/","name":"spirospapaspirou.gr","description":"","publisher":{"@id":"https:\/\/spirospapaspirou.gr\/sq\/#organization"},"potentialAction":[{"@type":"SearchAction","target":{"@type":"EntryPoint","urlTemplate":"https:\/\/spirospapaspirou.gr\/sq\/?s={search_term_string}"},"query-input":{"@type":"PropertyValueSpecification","valueRequired":true,"valueName":"search_term_string"}}],"inLanguage":"sq-AL"},{"@type":"Organization","@id":"https:\/\/spirospapaspirou.gr\/sq\/#organization","name":"Spiros Papaspirou","url":"https:\/\/spirospapaspirou.gr\/sq\/","logo":{"@type":"ImageObject","inLanguage":"sq-AL","@id":"https:\/\/spirospapaspirou.gr\/sq\/#\/schema\/logo\/image\/","url":"https:\/\/spirospapaspirou.gr\/wp-content\/uploads\/logo.png","contentUrl":"https:\/\/spirospapaspirou.gr\/wp-content\/uploads\/logo.png","width":335,"height":100,"caption":"Spiros Papaspirou"},"image":{"@id":"https:\/\/spirospapaspirou.gr\/sq\/#\/schema\/logo\/image\/"},"sameAs":["https:\/\/www.facebook.com\/people\/\u03a3\u03c0\u03c5\u03c1\u03bf\u03c2-\u03a0\u03b1\u03c0\u03b1\u03c3\u03c0\u03c5\u03c1\u03bf\u03c5\/100001248112382"]},{"@type":"Person","@id":"https:\/\/spirospapaspirou.gr\/sq\/#\/schema\/person\/1639ef43f38fb1dd052485f9457a7f2a","name":"admin"}]}},"_links":{"self":[{"href":"https:\/\/spirospapaspirou.gr\/sq\/wp-json\/wp\/v2\/posts\/675","targetHints":{"allow":["GET"]}}],"collection":[{"href":"https:\/\/spirospapaspirou.gr\/sq\/wp-json\/wp\/v2\/posts"}],"about":[{"href":"https:\/\/spirospapaspirou.gr\/sq\/wp-json\/wp\/v2\/types\/post"}],"author":[{"embeddable":true,"href":"https:\/\/spirospapaspirou.gr\/sq\/wp-json\/wp\/v2\/users\/1"}],"replies":[{"embeddable":true,"href":"https:\/\/spirospapaspirou.gr\/sq\/wp-json\/wp\/v2\/comments?post=675"}],"version-history":[{"count":0,"href":"https:\/\/spirospapaspirou.gr\/sq\/wp-json\/wp\/v2\/posts\/675\/revisions"}],"wp:attachment":[{"href":"https:\/\/spirospapaspirou.gr\/sq\/wp-json\/wp\/v2\/media?parent=675"}],"wp:term":[{"taxonomy":"category","embeddable":true,"href":"https:\/\/spirospapaspirou.gr\/sq\/wp-json\/wp\/v2\/categories?post=675"},{"taxonomy":"post_tag","embeddable":true,"href":"https:\/\/spirospapaspirou.gr\/sq\/wp-json\/wp\/v2\/tags?post=675"}],"curies":[{"name":"wp","href":"https:\/\/api.w.org\/{rel}","templated":true}]}}